{"id":4618,"date":"2024-01-24T04:53:23","date_gmt":"2024-01-24T04:53:23","guid":{"rendered":"https:\/\/gna.news\/?post_type=portfolio&#038;p=4618"},"modified":"2024-06-12T18:22:47","modified_gmt":"2024-06-12T18:22:47","slug":"politicos-panamenos-ungidos-en-jornada-de-reflexion","status":"publish","type":"post","link":"https:\/\/gna.news\/es\/story-item\/politicos-panamenos-ungidos-en-jornada-de-reflexion\/","title":{"rendered":"Pol\u00edticos paname\u00f1os ungidos en jornada de reflexi\u00f3n"},"content":{"rendered":"<section class=\"wpb-content-wrapper\"><section class=\"vc_section vc_section_visible\" data-section-name=\"\"><div class=\"vc_row wpb_row vc_row-fluid vc_row_visible vc_custom_1690387206194\"><div class=\"wpb_column vc_column_container vc_col-sm-10 text-left\"><div class=\"vc_column-inner\"><div class=\"wpb_wrapper\"><div class=\"pix-el-text w-100   vc_custom_1706071822513\" ><p class=\"text-18  text-body-default  font-weight-bold\" >A pesar de recientes desaf\u00edos, la comunidad cristiana de Panam\u00e1 se uni\u00f3 para un resurgimiento espiritual, advirtiendo a los candidatos pol\u00edticos a las pr\u00f3ximas elecciones sobre propuestas que contradigan los valores fundamentales. <\/p><\/div>\n\t<div class=\"wpb_video_widget wpb_content_element vc_clearfix   vc_video-aspect-ratio-169 vc_video-el-width-100 vc_video-align-left\" >\n\t\t<div class=\"wpb_wrapper\">\n\t\t\t\n\t\t\t<div class=\"wpb_video_wrapper\"><iframe src=\"https:\/\/player.vimeo.com\/video\/905846939?dnt=1&amp;app_id=122963\" width=\"640\" height=\"360\" frameborder=\"0\" allow=\"autoplay; fullscreen; picture-in-picture; clipboard-write\"><\/iframe><\/div>\n\t\t<\/div>\n\t<\/div>\n\n\t<div class=\"wpb_text_column wpb_content_element  vc_custom_1706071861672\" >\n\t\t<div class=\"wpb_wrapper\">\n\t\t\t<p>Advertidos por el ap\u00f3stol Edwin \u00c1lvarez, dos candidatos presidenciales recibieron la unci\u00f3n, destacando un llamado a la reflexi\u00f3n. Desde Ciudad de Panam\u00e1 reporta Ezequiel Emilio Alfonso de Hosanna TV.<\/p>\n\n\t\t<\/div>\n\t<\/div>\n<a  href=\"https:\/\/player.vimeo.com\/progressive_redirect\/download\/905846939\/rendition\/1080p\/pol%C3%ADticos_paname%C3%B1os_ungidos_en_jornada_de_reflexi%C3%B3n%20%281080p%29.mp4?loc=external&amp;signature=353470cb8b71b3b7c8a5f76e0525ea0ed2aa17c4fbdeec911d5857db63dfba2b\" class=\"btn mb-2 download-button    btn-primary d-inline-block      btn-md\"     ><span class=\"font-weight-bold\" >Descargar video<\/span><\/a><div class=\"vc_empty_space\"   style=\"height: 32px\"><span class=\"vc_empty_space_inner\"><\/span><\/div><div id=\"el1705424340000-6c867c1b-be2b\" class=\"pix-el-text   w-100\" ><p class=\"\"><p><strong>GUI\u00d3N<\/strong><\/p>\n<p>&nbsp;<\/p>\n<p>EL ESTADIO ROD CAREW SE LLEN\u00d3 DE ESPERANZA Y FE EN EL ESPERADO \u201cD\u00cdA DE UNCI\u00d3N 2024\u201d, MARCANDO UN REGRESO TRIUNFAL PARA LA COMUNIDAD CRISTIANA EN PANAM\u00c1, A PESAR DE RECIENTES ACONTECIMIENTOS QUE ESTREMECIERON A LA NACI\u00d3N POR EL RECHAZO CONTUNDENTE A LA MINER\u00cdA EN EL PA\u00cdS Y LOS ACTOS DE CORRUPCI\u00d3N QUE MARCARON LA RECIENTE HISTORIA DE PANAM\u00c1.<\/p>\n<p>ENTRE LA MULTITUD, ALGUNAS DESTACADAS FIGURAS DE LA POL\u00cdTICA PANAME\u00d1A SE DIERON CITA. SOLO DOS CANDIDATOS PRESIDENCIALES, DE LOS NUEVE QUE ESTAR\u00c1N EN LA PAPELETA DE LAS VOTACIONES DEL PR\u00d3XIMO 5 DE MAYO, RECIBIERON LA UNCI\u00d3N DEL AP\u00d3STOL EDWIN \u00c1LVAREZ.<\/p>\n<p>EL PASTOR \u00c1LVAREZ LES ADVIRTI\u00d3 A LOS CANDIDATOS QUE DE PROMOVER Y APROBAR EL ABORTO O EL MATRIMONIO IGUALITARIO EN SUS PROPUESTAS DE CAMPA\u00d1AS, TENDR\u00c1N QUE RENDIR CUENTAS A DIOS PORQUE PANAM\u00c1 ES UNA NACI\u00d3N PROFAMILIA.<\/p>\n<p>Pastor Edwin \u00c1lvarez \u2013 Comunidad Apost\u00f3lica Hosanna:<\/p>\n<p>\u201cAqu\u00ed se ha negado y la Corte Suprema lo ha declarado inconstitucional porque el C\u00f3digo de la Familia establece que el matrimonio es entre un hombre y una mujer. Y cualquiera de ustedes que se atreva a violar eso, tendr\u00e1 que darle cuenta a Dios\u201d.<\/p>\n<p>EL D\u00cdA DE UNCI\u00d3N NO SOLO MARC\u00d3 UN RETORNO TRIUNFAL PARA LA FE EN PANAM\u00c1, SINO QUE TAMBI\u00c9N ESTABLECI\u00d3 UN LLAMADO DE CONCIENCIA PARA LOS L\u00cdDERES POL\u00cdTICOS QUE BUSCAN GUIAR EL DESTINO DEL PA\u00cdS. EN UN ACTO SIMB\u00d3LICO QUE TRASCIENDE LA POL\u00cdTICA Y LA RELIGI\u00d3N. LA JORNADA CONCLUY\u00d3 DEJANDO UNA HUELLA DE ESPERANZA, FE Y REFLEXI\u00d3N EN EL CORAZ\u00d3N DE TODOS LOS PRESENTES.<\/p>\n<p>PANAM\u00c1, UNA VEZ M\u00c1S, SE ELEVA CON FUERZA HACIA UN FUTURO DE UNIDAD Y ESPIRITUALIDAD RENOVADA CON EL DIOS DE FE.<\/p>\n<p>CON LA C\u00c1MARA DE V\u00cdCTOR SANJUR, PARA LA ALIANZA GLOBAL DE NOTICIAS, REPORT\u00d3 EZEQUIEL EMILIO ALFONSO.<\/p>\n<\/p><\/div><\/div><\/div><\/div><div class=\"custom-sidebar wpb_column vc_column_container vc_col-sm-2 text-left\"><div class=\"vc_column-inner\"><div class=\"wpb_wrapper\"><div  class=\"wpb_widgetised_column wpb_content_element\">\n\t\t<div class=\"wpb_wrapper\">\n\t\t\t\n\t\t\t<section id=\"block-2\" class=\"widget widget_block widget_search\"><form role=\"search\" method=\"get\" action=\"https:\/\/gna.news\/es\/\" class=\"wp-block-search__button-outside wp-block-search__text-button wp-block-search\" data-trp-original-action=\"https:\/\/gna.news\/es\/\"    ><label class=\"wp-block-search__label\" for=\"wp-block-search__input-1\" >Buscar<\/label><div class=\"wp-block-search__inside-wrapper\" ><input class=\"wp-block-search__input\" id=\"wp-block-search__input-1\" placeholder=\"\" value=\"\" type=\"search\" name=\"s\" required \/><button aria-label=\"Buscar\" class=\"wp-block-search__button wp-element-button\" type=\"submit\" >Buscar<\/button><\/div><input type=\"hidden\" name=\"trp-form-language\" value=\"es\"\/><\/form><\/section><section id=\"block-3\" class=\"widget widget_block\"><div class=\"wp-block-group is-layout-flow wp-block-group-is-layout-flow\"><h2 class=\"wp-block-heading\">Recent Posts<\/h2><ul class=\"wp-block-latest-posts__list wp-block-latest-posts\"><li><a class=\"wp-block-latest-posts__post-title\" href=\"https:\/\/gna.news\/es\/story-item\/christian-family-forced-to-flee-nicaragua\/\">Christian Family Forced to Flee Nicaragua<\/a><\/li>\n<li><a class=\"wp-block-latest-posts__post-title\" href=\"https:\/\/gna.news\/es\/story-item\/supporting-persecuted-pastors-in-pakistan\/\">Supporting Persecuted Pastors in Pakistan<\/a><\/li>\n<li><a class=\"wp-block-latest-posts__post-title\" href=\"https:\/\/gna.news\/es\/story-item\/bringing-food-and-medical-care-to-families-caught-in-sudans-war\/\">Bringing Food and Medical Care to Families Caught in Sudan&#8217;s War<\/a><\/li>\n<li><a class=\"wp-block-latest-posts__post-title\" href=\"https:\/\/gna.news\/es\/story-item\/iraq-the-return-of-christians\/\">Iraq: the Return of Christians<\/a><\/li>\n<li><a class=\"wp-block-latest-posts__post-title\" href=\"https:\/\/gna.news\/es\/story-item\/broadcast-ministry-reaches-millions-in-iran-despite-conflict-and-persecution\/\">Broadcast Ministry Reaches Millions in Iran Despite Conflict and Persecution<\/a><\/li>\n<\/ul><\/div><\/section><section id=\"block-4\" class=\"widget widget_block\"><div class=\"wp-block-group is-layout-flow wp-block-group-is-layout-flow\"><h2 class=\"wp-block-heading\">Recent Comments<\/h2><div class=\"no-comments wp-block-latest-comments\">No hay comentarios que mostrar.<\/div><\/div><\/section><section id=\"block-5\" class=\"widget widget_block\"><div class=\"wp-block-group is-layout-flow wp-block-group-is-layout-flow\"><h2 class=\"wp-block-heading\">Archives<\/h2><ul class=\"wp-block-archives-list wp-block-archives\">\t<li><a href='https:\/\/gna.news\/es\/story-item\/2026\/04\/'>abril 2026<\/a><\/li>\n\t<li><a href='https:\/\/gna.news\/es\/story-item\/2026\/03\/'>marzo 2026<\/a><\/li>\n\t<li><a href='https:\/\/gna.news\/es\/story-item\/2026\/02\/'>febrero 2026<\/a><\/li>\n\t<li><a href='https:\/\/gna.news\/es\/story-item\/2026\/01\/'>enero 2026<\/a><\/li>\n\t<li><a href='https:\/\/gna.news\/es\/story-item\/2025\/12\/'>diciembre 2025<\/a><\/li>\n\t<li><a href='https:\/\/gna.news\/es\/story-item\/2025\/11\/'>noviembre 2025<\/a><\/li>\n\t<li><a href='https:\/\/gna.news\/es\/story-item\/2025\/10\/'>octubre 2025<\/a><\/li>\n\t<li><a href='https:\/\/gna.news\/es\/story-item\/2025\/09\/'>septiembre 2025<\/a><\/li>\n\t<li><a href='https:\/\/gna.news\/es\/story-item\/2025\/08\/'>agosto 2025<\/a><\/li>\n\t<li><a href='https:\/\/gna.news\/es\/story-item\/2025\/07\/'>julio 2025<\/a><\/li>\n\t<li><a href='https:\/\/gna.news\/es\/story-item\/2025\/06\/'>junio 2025<\/a><\/li>\n\t<li><a href='https:\/\/gna.news\/es\/story-item\/2025\/05\/'>mayo 2025<\/a><\/li>\n\t<li><a href='https:\/\/gna.news\/es\/story-item\/2025\/04\/'>abril 2025<\/a><\/li>\n\t<li><a href='https:\/\/gna.news\/es\/story-item\/2025\/03\/'>marzo 2025<\/a><\/li>\n\t<li><a href='https:\/\/gna.news\/es\/story-item\/2025\/02\/'>febrero 2025<\/a><\/li>\n\t<li><a href='https:\/\/gna.news\/es\/story-item\/2025\/01\/'>enero 2025<\/a><\/li>\n\t<li><a href='https:\/\/gna.news\/es\/story-item\/2024\/12\/'>diciembre 2024<\/a><\/li>\n\t<li><a href='https:\/\/gna.news\/es\/story-item\/2024\/11\/'>noviembre 2024<\/a><\/li>\n\t<li><a href='https:\/\/gna.news\/es\/story-item\/2024\/10\/'>octubre 2024<\/a><\/li>\n\t<li><a href='https:\/\/gna.news\/es\/story-item\/2024\/09\/'>septiembre 2024<\/a><\/li>\n\t<li><a href='https:\/\/gna.news\/es\/story-item\/2024\/08\/'>agosto 2024<\/a><\/li>\n\t<li><a href='https:\/\/gna.news\/es\/story-item\/2024\/07\/'>julio 2024<\/a><\/li>\n\t<li><a href='https:\/\/gna.news\/es\/story-item\/2024\/06\/'>junio 2024<\/a><\/li>\n\t<li><a href='https:\/\/gna.news\/es\/story-item\/2024\/05\/'>mayo 2024<\/a><\/li>\n\t<li><a href='https:\/\/gna.news\/es\/story-item\/2024\/04\/'>abril 2024<\/a><\/li>\n\t<li><a href='https:\/\/gna.news\/es\/story-item\/2024\/03\/'>marzo 2024<\/a><\/li>\n\t<li><a href='https:\/\/gna.news\/es\/story-item\/2024\/02\/'>febrero 2024<\/a><\/li>\n\t<li><a href='https:\/\/gna.news\/es\/story-item\/2024\/01\/'>enero 2024<\/a><\/li>\n\t<li><a href='https:\/\/gna.news\/es\/story-item\/2023\/12\/'>diciembre 2023<\/a><\/li>\n\t<li><a href='https:\/\/gna.news\/es\/story-item\/2023\/11\/'>noviembre 2023<\/a><\/li>\n\t<li><a href='https:\/\/gna.news\/es\/story-item\/2023\/10\/'>octubre 2023<\/a><\/li>\n\t<li><a href='https:\/\/gna.news\/es\/story-item\/2023\/09\/'>septiembre 2023<\/a><\/li>\n\t<li><a href='https:\/\/gna.news\/es\/story-item\/2023\/08\/'>agosto 2023<\/a><\/li>\n\t<li><a href='https:\/\/gna.news\/es\/story-item\/2023\/07\/'>julio 2023<\/a><\/li>\n<\/ul><\/div><\/section><section id=\"pix_small_search-1\" class=\"widget widget_pix_small_search\"><h5 class=\"font-weight-bold text-heading-default widget-title2 pix-mb-10\">Search<\/h5><form class=\"pix-small-search pix-ajax-search-container position-relative bg-white shadow-sm rounded-lg pix-small-search\" method=\"get\" action=\"https:\/\/gna.news\/es\/\" data-trp-original-action=\"https:\/\/gna.news\/es\/\">\n                <div class=\"input-group input-group-lg2\">\n                    <input type=\"text\" class=\"form-control pix-ajax-search form-control-lg shadow-0 font-weight-bold text-body-default\" name=\"s\" autocomplete=\"off\" placeholder=\"Search for something\" aria-label=\"Search\" data-search-link=\"https:\/\/gna.news\/wp-admin\/admin-ajax.php?action=pix_ajax_searcht&nonce=6babe5321e\">\n                    <div class=\"input-group-append\">\n                        <button class=\"btn btn-lg2 btn-white m-0 text-body-default\" type=\"submit\">\n<svg width=\"18px\" height=\"18px\" viewbox=\"0 0 18 18\" version=\"1.1\" xmlns=\"http:\/\/www.w3.org\/2000\/svg\" xmlns:xlink=\"http:\/\/www.w3.org\/1999\/xlink\">\n\n    <title>Shape<\/title>\n\n    <g id=\"Blog\" stroke=\"none\" stroke-width=\"1\" fill=\"none\" fill-rule=\"evenodd\">\n        <g id=\"blog-with-sidebar\" transform=\"translate(-1217.000000, -831.000000)\" fill=\"#BBBBBB\" fill-rule=\"nonzero\">\n            <g id=\"Search\" transform=\"translate(905.000000, 765.000000)\">\n                <g id=\"search\" transform=\"translate(312.000000, 66.000000)\">\n                    <path d=\"M17.784,16.776 L12.168,11.124 C13.104,9.972 13.68,8.46 13.68,6.84 C13.68,3.06 10.62,0 6.84,0 C3.06,0 0,3.06 0,6.84 C0,10.62 3.06,13.68 6.84,13.68 C8.46,13.68 9.972,13.104 11.124,12.168 L16.74,17.784 C16.92,17.928 17.1,18 17.28,18 C17.46,18 17.64,17.928 17.784,17.784 C18.072,17.496 18.072,17.064 17.784,16.776 Z M1.44,6.84 C1.44,3.852 3.852,1.44 6.84,1.44 C9.828,1.44 12.24,3.852 12.24,6.84 C12.24,9.828 9.828,12.24 6.84,12.24 C3.852,12.24 1.44,9.828 1.44,6.84 Z\"><\/path>\n                <\/g>\n            <\/g>\n        <\/g>\n    <\/g>\n<\/svg><\/button>\n                    <\/div>\n                <\/div>\n            <input type=\"hidden\" name=\"trp-form-language\" value=\"es\"\/><\/form><\/section><section id=\"pix_promo_box-1\" class=\"widget widget_pix_promo_box\"><h5 class=\"font-weight-bold text-heading-default widget-title2 pix-mb-10\">Call to action<\/h5><div class=\"animate-in w-100\" data-anim-type=\"fade-in\" data-anim-delay=\"200\"><div class=\"pix-promo-box card w-100 h-1002 bg-heading-default  pix-hover-item rounded-xl position-relative overflow-hidden text-white   text-left w-100 d-block\"  ><img decoding=\"async\" src=\"https:\/\/essentials.pixfort.com\/software\/wp-content\/uploads\/sites\/2\/2020\/05\/blog-sidebar-image-3.jpg\" class=\"card-img pix-bg-image pix-img-scale h-100 rounded-xl pix-opacity-4 pix-hover-opacity-6\" alt=\"Want to learn how to code in 8 weeks?\"><a href=\"https:\/\/pixfort.website\/redirect?to=essentials\"  class=\"card-img-overlay2 d-inline-block w-100 pix-img-overlay pix-p-20 d-flex align-items-end\" style=\"min-height:350px;\"><div class=\"w-100\"><div class=\"\"><span class=\"pix-badge-element d-inline-block mr-1\"  ><span class=\"badge font-weight-bold bg-dark-opacity-5\" style=\"font-size:12px; padding:5px 10px;margin-right:3px;line-height:12px;\"><span class=\"text-light-opacity-5\" style=\"\">Start now<\/span><\/span><\/span><\/div><h4 class=\"card-title font-weight-bold text-white pix-my-10\" style=\"\">Want to learn how to code in 8 weeks?<\/h4><span class=\"d-flex align-items-center font-weight-bold text-light-opacity-6\" ><span>Purchase Essentials<\/span><i class=\"pixicon-angle-right pix-hover-right pix-hover-item pix-ml-10 font-weight-bold text-20\"><\/i><\/span><\/div><\/a><\/div><\/div><\/section><section id=\"tag_cloud-1\" class=\"widget widget_tag_cloud\"><h5 class=\"font-weight-bold text-heading-default widget-title2 pix-mb-10\">Etiquetas<\/h5><div class=\"tagcloud\"><a href=\"https:\/\/gna.news\/es\/story-item\/tag\/spanish-stories\/\" class=\"tag-cloud-link tag-link-202 btn btn-sm pix-mr-5 pix-my-5 btn-white rounded-xl text-body-default text-sm shadow-sm shadow-hover-sm fly-sm font-weight-bold tag-link-position-1\" style=\"font-size: 14px;\">SPANISH Stories<\/a><\/div>\n<\/section><section id=\"pix_recent_posts-1\" class=\"widget widget_pix_recent_posts\"><h5 class=\"font-weight-bold text-heading-default widget-title2 pix-mb-10\">Recent Posts<\/h5>            <ul>\n                                    <li class=\"pix-dark position-relative d-inline-block w-100\">\n                        <div class=\"w-100 overflow-hidden pix-hover-item shadow shadow-hover fly-sm  d-block pix-mb-10  rounded-xl\" title=\"Christian Family Forced to Flee Nicaragua\">\n                            <div class=\"card bg-heading-default\">\n                                <div class=\"align-self-center pix-opacity-4 pix-hover-opacity-6 position-absolute pix-fit-cover w-100\" style=\"top: 50%; left: 50%; transform: translate(-50%, -50%);z-index:-1;\">\n                                    <img fetchpriority=\"high\" decoding=\"async\" width=\"622\" height=\"400\" src=\"https:\/\/gna.news\/wp-content\/uploads\/2026\/04\/christian-family-forced-to-flee-nicaragua-622x400.jpg\" class=\"card-img pix-opacity-5 img-fluid pix-fit-cover  pix-img-scale\" alt=\"Christian Family Forced to Flee Nicaragua\" style=\"width:100%;\" \/>                                <\/div>\n                                <div class=\"card-img-overlay2 pix-p-20 d-flex flex-wrap h-100\">\n                                    <div class=\"d-flex align-items-center justify-content-between w-100\">\n                                        <a class=\"pix-opacity-7 pix-hover-opacity-10\" href=\"https:\/\/gna.news\/es\/story-item\/christian-family-forced-to-flee-nicaragua\/\">\n                                            <h6 class=\"card-title text-heading-default mb-0 font-weight-bold line-clamp-2\">Christian Family Forced to Flee Nicaragua<\/h6>\n                                        <\/a>\n                                        <div class=\"d-inline position-relative\" style=\"min-width:40px;\">\n                                            <div class=\"pl-2 d-inline position-relative justify-content-sm-center text-right\" style=\"min-width:40px;\">\n                                                <a href=\"#\" class=\"d-inline-block position-relative text-xs align-items-center pixfort-likes\" id=\"pixfort-likes-6241\" title=\"Like this\"><span class=\"pixfort-likes-small d-flex align-items-center justify-content-center text-right text-xs text-body-default svg-body-default\"><span class=\"pixfort-likes-icon d-inline-block pix-pr-5\"><svg height=\"16\" viewbox=\"0 0 18 16\" width=\"18\" xmlns=\"http:\/\/www.w3.org\/2000\/svg\"><path d=\"m.22464899 6.06896552c1.01092043 3.75172414 5.64430577 7.53103448 8.42433697 9.79310348.11232449.0827586.22464899.137931.3650546.137931.14040562 0 .25273011-.0551724.3650546-.137931 4.85803434-4 7.60998444-7.17241383 8.39625584-9.73793107.0561623-.19310345.1123245-.4137931.1684868-.63448276v-.08275862c.0280811-.22068965.0561622-.44137931.0561622-.63448276v-.0275862-.02758621c0-2.59310345-2.1341654-4.68965517-4.773791-4.68965517-1.6848673 0-3.28549137.85517241-4.21216844 2.12413793-.95475819-1.29655173-2.55538221-2.15172414-4.24024961-2.15172414-2.58346334 0-4.66146646 1.95862069-4.77379095 4.49655172v.08275862.05517242.05517241c0 .46896552.08424337.96551724.22464899 1.37931035zm1.35035101-1.21735262v-.02580645c.05294118-1.83225806 1.56176471-3.27741935 3.44117647-3.27741935 1.50882353 0 2.93823529.9032258 3.44117647 2.16774193.05294118.20645162.21176471.36129032.42352941.41290323.26470589.0516129.50294118-.10322581.58235294-.33548387.50294118-1.29032258 1.98529411-2.24516129 3.49411761-2.24516129 1.9058824 0 3.4411765 1.49677419 3.4411765 3.35483871v.0516129c0 .15483871-.0264706.30967742-.0529412.46451613v.0516129c-.0264706.15483871-.0794117.33548387-.1058823.49032258-.6617647 2.09032258-3.0970588 4.90322578-7.25294119 8.33548388-2.54117647-2.0645161-6.43235295-5.31612904-7.25294118-8.38709678-.10588235-.33548387-.15882353-.67096774-.15882353-1.00645161 0 0 0-.02580646 0-.05161291z\" fill=\"#bbb\"\/><\/svg><\/span><span class=\"pixfort-likes-count align-middle font-weight-bold\" data-count=\"43\">-<\/span><\/span><\/a>                                            <\/div>\n                                        <\/div>\n                                    <\/div>\n                                <\/div>\n                            <\/div>\n                        <\/div>\n                                            <\/li>\n                                    <li class=\"pix-dark position-relative d-inline-block w-100\">\n                        <div class=\"w-100 overflow-hidden pix-hover-item shadow shadow-hover fly-sm  d-block pix-mb-10  rounded-xl\" title=\"Supporting Persecuted Pastors in Pakistan\">\n                            <div class=\"card bg-heading-default\">\n                                <div class=\"align-self-center pix-opacity-4 pix-hover-opacity-6 position-absolute pix-fit-cover w-100\" style=\"top: 50%; left: 50%; transform: translate(-50%, -50%);z-index:-1;\">\n                                    <img decoding=\"async\" width=\"622\" height=\"400\" src=\"https:\/\/gna.news\/wp-content\/uploads\/2026\/04\/supporting-persecuted-pastors-in-pakistan-622x400.jpg\" class=\"card-img pix-opacity-5 img-fluid pix-fit-cover  pix-img-scale\" alt=\"Supporting Persecuted Pastors in Pakistan\" style=\"width:100%;\" \/>                                <\/div>\n                                <div class=\"card-img-overlay2 pix-p-20 d-flex flex-wrap h-100\">\n                                    <div class=\"d-flex align-items-center justify-content-between w-100\">\n                                        <a class=\"pix-opacity-7 pix-hover-opacity-10\" href=\"https:\/\/gna.news\/es\/story-item\/supporting-persecuted-pastors-in-pakistan\/\">\n                                            <h6 class=\"card-title text-heading-default mb-0 font-weight-bold line-clamp-2\">Supporting Persecuted Pastors in Pakistan<\/h6>\n                                        <\/a>\n                                        <div class=\"d-inline position-relative\" style=\"min-width:40px;\">\n                                            <div class=\"pl-2 d-inline position-relative justify-content-sm-center text-right\" style=\"min-width:40px;\">\n                                                <a href=\"#\" class=\"d-inline-block position-relative text-xs align-items-center pixfort-likes\" id=\"pixfort-likes-6239\" title=\"Like this\"><span class=\"pixfort-likes-small d-flex align-items-center justify-content-center text-right text-xs text-body-default svg-body-default\"><span class=\"pixfort-likes-icon d-inline-block pix-pr-5\"><svg height=\"16\" viewbox=\"0 0 18 16\" width=\"18\" xmlns=\"http:\/\/www.w3.org\/2000\/svg\"><path d=\"m.22464899 6.06896552c1.01092043 3.75172414 5.64430577 7.53103448 8.42433697 9.79310348.11232449.0827586.22464899.137931.3650546.137931.14040562 0 .25273011-.0551724.3650546-.137931 4.85803434-4 7.60998444-7.17241383 8.39625584-9.73793107.0561623-.19310345.1123245-.4137931.1684868-.63448276v-.08275862c.0280811-.22068965.0561622-.44137931.0561622-.63448276v-.0275862-.02758621c0-2.59310345-2.1341654-4.68965517-4.773791-4.68965517-1.6848673 0-3.28549137.85517241-4.21216844 2.12413793-.95475819-1.29655173-2.55538221-2.15172414-4.24024961-2.15172414-2.58346334 0-4.66146646 1.95862069-4.77379095 4.49655172v.08275862.05517242.05517241c0 .46896552.08424337.96551724.22464899 1.37931035zm1.35035101-1.21735262v-.02580645c.05294118-1.83225806 1.56176471-3.27741935 3.44117647-3.27741935 1.50882353 0 2.93823529.9032258 3.44117647 2.16774193.05294118.20645162.21176471.36129032.42352941.41290323.26470589.0516129.50294118-.10322581.58235294-.33548387.50294118-1.29032258 1.98529411-2.24516129 3.49411761-2.24516129 1.9058824 0 3.4411765 1.49677419 3.4411765 3.35483871v.0516129c0 .15483871-.0264706.30967742-.0529412.46451613v.0516129c-.0264706.15483871-.0794117.33548387-.1058823.49032258-.6617647 2.09032258-3.0970588 4.90322578-7.25294119 8.33548388-2.54117647-2.0645161-6.43235295-5.31612904-7.25294118-8.38709678-.10588235-.33548387-.15882353-.67096774-.15882353-1.00645161 0 0 0-.02580646 0-.05161291z\" fill=\"#bbb\"\/><\/svg><\/span><span class=\"pixfort-likes-count align-middle font-weight-bold\" data-count=\"42\">-<\/span><\/span><\/a>                                            <\/div>\n                                        <\/div>\n                                    <\/div>\n                                <\/div>\n                            <\/div>\n                        <\/div>\n                                            <\/li>\n                                    <li class=\"pix-dark position-relative d-inline-block w-100\">\n                        <div class=\"w-100 overflow-hidden pix-hover-item shadow shadow-hover fly-sm  d-block pix-mb-10  rounded-xl\" title=\"Bringing Food and Medical Care to Families Caught in Sudan&#8217;s War\">\n                            <div class=\"card bg-heading-default\">\n                                <div class=\"align-self-center pix-opacity-4 pix-hover-opacity-6 position-absolute pix-fit-cover w-100\" style=\"top: 50%; left: 50%; transform: translate(-50%, -50%);z-index:-1;\">\n                                    <img decoding=\"async\" width=\"622\" height=\"400\" src=\"https:\/\/gna.news\/wp-content\/uploads\/2026\/04\/bringing-food-and-medical-care-to-families-caught-in-sudans-war-622x400.jpg\" class=\"card-img pix-opacity-5 img-fluid pix-fit-cover  pix-img-scale\" alt=\"Bringing Food and Medical Care to Families Caught in Sudan&#8217;s War\" style=\"width:100%;\" \/>                                <\/div>\n                                <div class=\"card-img-overlay2 pix-p-20 d-flex flex-wrap h-100\">\n                                    <div class=\"d-flex align-items-center justify-content-between w-100\">\n                                        <a class=\"pix-opacity-7 pix-hover-opacity-10\" href=\"https:\/\/gna.news\/es\/story-item\/bringing-food-and-medical-care-to-families-caught-in-sudans-war\/\">\n                                            <h6 class=\"card-title text-heading-default mb-0 font-weight-bold line-clamp-2\">Bringing Food and Medical Care to Families Caught in Sudan&#8217;s War<\/h6>\n                                        <\/a>\n                                        <div class=\"d-inline position-relative\" style=\"min-width:40px;\">\n                                            <div class=\"pl-2 d-inline position-relative justify-content-sm-center text-right\" style=\"min-width:40px;\">\n                                                <a href=\"#\" class=\"d-inline-block position-relative text-xs align-items-center pixfort-likes\" id=\"pixfort-likes-6237\" title=\"Like this\"><span class=\"pixfort-likes-small d-flex align-items-center justify-content-center text-right text-xs text-body-default svg-body-default\"><span class=\"pixfort-likes-icon d-inline-block pix-pr-5\"><svg height=\"16\" viewbox=\"0 0 18 16\" width=\"18\" xmlns=\"http:\/\/www.w3.org\/2000\/svg\"><path d=\"m.22464899 6.06896552c1.01092043 3.75172414 5.64430577 7.53103448 8.42433697 9.79310348.11232449.0827586.22464899.137931.3650546.137931.14040562 0 .25273011-.0551724.3650546-.137931 4.85803434-4 7.60998444-7.17241383 8.39625584-9.73793107.0561623-.19310345.1123245-.4137931.1684868-.63448276v-.08275862c.0280811-.22068965.0561622-.44137931.0561622-.63448276v-.0275862-.02758621c0-2.59310345-2.1341654-4.68965517-4.773791-4.68965517-1.6848673 0-3.28549137.85517241-4.21216844 2.12413793-.95475819-1.29655173-2.55538221-2.15172414-4.24024961-2.15172414-2.58346334 0-4.66146646 1.95862069-4.77379095 4.49655172v.08275862.05517242.05517241c0 .46896552.08424337.96551724.22464899 1.37931035zm1.35035101-1.21735262v-.02580645c.05294118-1.83225806 1.56176471-3.27741935 3.44117647-3.27741935 1.50882353 0 2.93823529.9032258 3.44117647 2.16774193.05294118.20645162.21176471.36129032.42352941.41290323.26470589.0516129.50294118-.10322581.58235294-.33548387.50294118-1.29032258 1.98529411-2.24516129 3.49411761-2.24516129 1.9058824 0 3.4411765 1.49677419 3.4411765 3.35483871v.0516129c0 .15483871-.0264706.30967742-.0529412.46451613v.0516129c-.0264706.15483871-.0794117.33548387-.1058823.49032258-.6617647 2.09032258-3.0970588 4.90322578-7.25294119 8.33548388-2.54117647-2.0645161-6.43235295-5.31612904-7.25294118-8.38709678-.10588235-.33548387-.15882353-.67096774-.15882353-1.00645161 0 0 0-.02580646 0-.05161291z\" fill=\"#bbb\"\/><\/svg><\/span><span class=\"pixfort-likes-count align-middle font-weight-bold\" data-count=\"42\">-<\/span><\/span><\/a>                                            <\/div>\n                                        <\/div>\n                                    <\/div>\n                                <\/div>\n                            <\/div>\n                        <\/div>\n                                            <\/li>\n                            <\/ul>\n        <\/section><section id=\"pix_categories-1\" class=\"widget widget_pix_categories\"><h5 class=\"font-weight-bold text-heading-default widget-title2 pix-mb-10\">Categories<\/h5><div class=\"pix_categories_widget\"><a href=\"https:\/\/gna.news\/es\/story-item\/category\/africa\/\" class=\"d-flex align-items-center w-100 justify-content-center bg-white shadow-sm shadow-hover-sm fly-sm rounded-lg pix-mb-10 pix-p-5 text-center text-sm font-weight-bold text-body-default\">\u00c1frica<\/a><a href=\"https:\/\/gna.news\/es\/story-item\/category\/asia\/\" class=\"d-flex align-items-center w-100 justify-content-center bg-white shadow-sm shadow-hover-sm fly-sm rounded-lg pix-mb-10 pix-p-5 text-center text-sm font-weight-bold text-body-default\">Asia<\/a><a href=\"https:\/\/gna.news\/es\/story-item\/category\/australia-oceania\/\" class=\"d-flex align-items-center w-100 justify-content-center bg-white shadow-sm shadow-hover-sm fly-sm rounded-lg pix-mb-10 pix-p-5 text-center text-sm font-weight-bold text-body-default\">Australia &amp; Oceania<\/a><a href=\"https:\/\/gna.news\/es\/story-item\/category\/caribbean\/\" class=\"d-flex align-items-center w-100 justify-content-center bg-white shadow-sm shadow-hover-sm fly-sm rounded-lg pix-mb-10 pix-p-5 text-center text-sm font-weight-bold text-body-default\">Caribbean<\/a><a href=\"https:\/\/gna.news\/es\/story-item\/category\/europe\/\" class=\"d-flex align-items-center w-100 justify-content-center bg-white shadow-sm shadow-hover-sm fly-sm rounded-lg pix-mb-10 pix-p-5 text-center text-sm font-weight-bold text-body-default\">Europa<\/a><a href=\"https:\/\/gna.news\/es\/story-item\/category\/featured\/\" class=\"d-flex align-items-center w-100 justify-content-center bg-white shadow-sm shadow-hover-sm fly-sm rounded-lg pix-mb-10 pix-p-5 text-center text-sm font-weight-bold text-body-default\">Presentado<\/a><a href=\"https:\/\/gna.news\/es\/story-item\/category\/india\/\" class=\"d-flex align-items-center w-100 justify-content-center bg-white shadow-sm shadow-hover-sm fly-sm rounded-lg pix-mb-10 pix-p-5 text-center text-sm font-weight-bold text-body-default\">India<\/a><a href=\"https:\/\/gna.news\/es\/story-item\/category\/israel\/\" class=\"d-flex align-items-center w-100 justify-content-center bg-white shadow-sm shadow-hover-sm fly-sm rounded-lg pix-mb-10 pix-p-5 text-center text-sm font-weight-bold text-body-default\">Israel<\/a><a href=\"https:\/\/gna.news\/es\/story-item\/category\/latin-america\/\" class=\"d-flex align-items-center w-100 justify-content-center bg-white shadow-sm shadow-hover-sm fly-sm rounded-lg pix-mb-10 pix-p-5 text-center text-sm font-weight-bold text-body-default\">Am\u00e9rica Latina<\/a><a href=\"https:\/\/gna.news\/es\/story-item\/category\/middle-east\/\" class=\"d-flex align-items-center w-100 justify-content-center bg-white shadow-sm shadow-hover-sm fly-sm rounded-lg pix-mb-10 pix-p-5 text-center text-sm font-weight-bold text-body-default\">Oriente Medio<\/a><a href=\"https:\/\/gna.news\/es\/story-item\/category\/united-states\/\" class=\"d-flex align-items-center w-100 justify-content-center bg-white shadow-sm shadow-hover-sm fly-sm rounded-lg pix-mb-10 pix-p-5 text-center text-sm font-weight-bold text-body-default\">Estados Unidos<\/a><\/div><\/section><section id=\"pix_social-1\" class=\"widget widget_pix_social\"><h5 class=\"font-weight-bold text-heading-default widget-title2 pix-mb-10\">Social Links<\/h5><div class=\"pix-social_widget pix-py-10\"><a href=\"https:\/\/www.facebook.com\/pixfort\" class=\"d-inline-block bg-white pix-mr-10 shadow-sm fly-sm shadow-hover-sm text-body-default\"><span class=\"d-flex h-100 align-items-center justify-content-center\"><i class=\"pixicon-facebook3\"><\/i><\/span><\/a><a href=\"https:\/\/www.instagram.com\/pixfort\" class=\"d-inline-block bg-white pix-mr-10 shadow-sm fly-sm shadow-hover-sm text-body-default\"><span class=\"d-flex h-100 align-items-center justify-content-center\"><i class=\"pixicon-instagram2\"><\/i><\/span><\/a><a href=\"https:\/\/twitter.com\/pixfort\" class=\"d-inline-block bg-white pix-mr-10 shadow-sm fly-sm shadow-hover-sm text-body-default\"><span class=\"d-flex h-100 align-items-center justify-content-center\"><i class=\"pixicon-twitter\"><\/i><\/span><\/a><a href=\"https:\/\/dribbble.com\/PixFort\" class=\"d-inline-block bg-white pix-mr-10 shadow-sm fly-sm shadow-hover-sm text-body-default\"><span class=\"d-flex h-100 align-items-center justify-content-center\"><i class=\"pixicon-dribbble\"><\/i><\/span><\/a><\/div><\/section>\n\t\t<\/div>\n\t<\/div>\n<\/div><\/div><\/div><\/div><\/section><\/section>","protected":false},"excerpt":{"rendered":"Samaritan\u2019s Purse is bringing food and medicine as tens of thousands of displaced families face starvation amid Sudan\u2019s civil war. Download video VIDEO SCRIPT David Philips \u2013 Samaritan\u2019s Purse Samaritan's Purse is in a remote corner of Sudan today, where...","protected":false},"author":5,"featured_media":4620,"comment_status":"closed","ping_status":"closed","sticky":false,"template":"","format":"standard","meta":{"pgc_meta":"","content-type":"","inline_featured_image":false,"_monsterinsights_skip_tracking":false,"_monsterinsights_sitenote_active":false,"_monsterinsights_sitenote_note":"","_monsterinsights_sitenote_category":0,"footnotes":""},"categories":[171],"tags":[202],"class_list":["post-4618","post","type-post","status-publish","format-standard","has-post-thumbnail","hentry","category-latin-america","tag-spanish-stories"],"acf":[],"yoast_head":"<!-- This site is optimized with the Yoast SEO plugin v22.8 - https:\/\/yoast.com\/wordpress\/plugins\/seo\/ -->\n<title>Pol\u00edticos paname\u00f1os ungidos en jornada de reflexi\u00f3n - Global News Alliance<\/title>\n<meta name=\"description\" content=\"Ivanna, una ni\u00f1a hondure\u00f1a de 12 a\u00f1os, nos cuenta c\u00f3mo conoci\u00f3 el amor de Cristo al recibir una caja de zapatos del programa Operaci\u00f3n Ni\u00f1o de Navidad.\" \/>\n<meta name=\"robots\" content=\"index, follow, max-snippet:-1, max-image-preview:large, max-video-preview:-1\" \/>\n<link rel=\"canonical\" href=\"https:\/\/gna.news\/es\/story-item\/politicos-panamenos-ungidos-en-jornada-de-reflexion\/\" \/>\n<meta property=\"og:locale\" content=\"es_ES\" \/>\n<meta property=\"og:type\" content=\"article\" \/>\n<meta property=\"og:title\" content=\"Pol\u00edticos paname\u00f1os ungidos en jornada de reflexi\u00f3n - Global News Alliance\" \/>\n<meta property=\"og:description\" content=\"Ivanna, una ni\u00f1a hondure\u00f1a de 12 a\u00f1os, nos cuenta c\u00f3mo conoci\u00f3 el amor de Cristo al recibir una caja de zapatos del programa Operaci\u00f3n Ni\u00f1o de Navidad.\" \/>\n<meta property=\"og:url\" content=\"https:\/\/gna.news\/es\/story-item\/politicos-panamenos-ungidos-en-jornada-de-reflexion\/\" \/>\n<meta property=\"og:site_name\" content=\"Global News Alliance\" \/>\n<meta property=\"article:published_time\" content=\"2024-01-24T04:53:23+00:00\" \/>\n<meta property=\"article:modified_time\" content=\"2024-06-12T18:22:47+00:00\" \/>\n<meta property=\"og:image\" content=\"https:\/\/gna.news\/wp-content\/uploads\/2024\/01\/Panama01.jpg\" \/>\n\t<meta property=\"og:image:width\" content=\"1920\" \/>\n\t<meta property=\"og:image:height\" content=\"1080\" \/>\n\t<meta property=\"og:image:type\" content=\"image\/jpeg\" \/>\n<meta name=\"author\" content=\"Javier Bola\u00f1os\" \/>\n<meta name=\"twitter:card\" content=\"summary_large_image\" \/>\n<meta name=\"twitter:label1\" content=\"Escrito por\" \/>\n\t<meta name=\"twitter:data1\" content=\"Javier Bola\u00f1os\" \/>\n\t<meta name=\"twitter:label2\" content=\"Tiempo de lectura\" \/>\n\t<meta name=\"twitter:data2\" content=\"2 minutos\" \/>\n<script type=\"application\/ld+json\" class=\"yoast-schema-graph\">{\"@context\":\"https:\/\/schema.org\",\"@graph\":[{\"@type\":\"WebPage\",\"@id\":\"https:\/\/gna.news\/story-item\/politicos-panamenos-ungidos-en-jornada-de-reflexion\/\",\"url\":\"https:\/\/gna.news\/story-item\/politicos-panamenos-ungidos-en-jornada-de-reflexion\/\",\"name\":\"Pol\u00edticos paname\u00f1os ungidos en jornada de reflexi\u00f3n - Global News Alliance\",\"isPartOf\":{\"@id\":\"https:\/\/gna.news\/#website\"},\"primaryImageOfPage\":{\"@id\":\"https:\/\/gna.news\/story-item\/politicos-panamenos-ungidos-en-jornada-de-reflexion\/#primaryimage\"},\"image\":{\"@id\":\"https:\/\/gna.news\/story-item\/politicos-panamenos-ungidos-en-jornada-de-reflexion\/#primaryimage\"},\"thumbnailUrl\":\"https:\/\/gna.news\/wp-content\/uploads\/2024\/01\/Panama01.jpg\",\"datePublished\":\"2024-01-24T04:53:23+00:00\",\"dateModified\":\"2024-06-12T18:22:47+00:00\",\"author\":{\"@id\":\"https:\/\/gna.news\/#\/schema\/person\/bb9024214500d5f7e9a398dc82b0282a\"},\"description\":\"Ivanna, una ni\u00f1a hondure\u00f1a de 12 a\u00f1os, nos cuenta c\u00f3mo conoci\u00f3 el amor de Cristo al recibir una caja de zapatos del programa Operaci\u00f3n Ni\u00f1o de Navidad.\",\"breadcrumb\":{\"@id\":\"https:\/\/gna.news\/story-item\/politicos-panamenos-ungidos-en-jornada-de-reflexion\/#breadcrumb\"},\"inLanguage\":\"es\",\"potentialAction\":[{\"@type\":\"ReadAction\",\"target\":[\"https:\/\/gna.news\/story-item\/politicos-panamenos-ungidos-en-jornada-de-reflexion\/\"]}]},{\"@type\":\"ImageObject\",\"inLanguage\":\"es\",\"@id\":\"https:\/\/gna.news\/story-item\/politicos-panamenos-ungidos-en-jornada-de-reflexion\/#primaryimage\",\"url\":\"https:\/\/gna.news\/wp-content\/uploads\/2024\/01\/Panama01.jpg\",\"contentUrl\":\"https:\/\/gna.news\/wp-content\/uploads\/2024\/01\/Panama01.jpg\",\"width\":1920,\"height\":1080},{\"@type\":\"BreadcrumbList\",\"@id\":\"https:\/\/gna.news\/story-item\/politicos-panamenos-ungidos-en-jornada-de-reflexion\/#breadcrumb\",\"itemListElement\":[{\"@type\":\"ListItem\",\"position\":1,\"name\":\"Home\",\"item\":\"https:\/\/gna.news\/\"},{\"@type\":\"ListItem\",\"position\":2,\"name\":\"Pol\u00edticos paname\u00f1os ungidos en jornada de reflexi\u00f3n\"}]},{\"@type\":\"WebSite\",\"@id\":\"https:\/\/gna.news\/#website\",\"url\":\"https:\/\/gna.news\/\",\"name\":\"Global News Alliance\",\"description\":\"The Global News Alliance\",\"potentialAction\":[{\"@type\":\"SearchAction\",\"target\":{\"@type\":\"EntryPoint\",\"urlTemplate\":\"https:\/\/gna.news\/?s={search_term_string}\"},\"query-input\":\"required name=search_term_string\"}],\"inLanguage\":\"es\"},{\"@type\":\"Person\",\"@id\":\"https:\/\/gna.news\/#\/schema\/person\/bb9024214500d5f7e9a398dc82b0282a\",\"name\":\"Javier Bola\u00f1os\",\"image\":{\"@type\":\"ImageObject\",\"inLanguage\":\"es\",\"@id\":\"https:\/\/gna.news\/#\/schema\/person\/image\/\",\"url\":\"https:\/\/secure.gravatar.com\/avatar\/e971d118b15095b6e95b0892d6b6e6b50a2a17564bdc43f9e60001a6c57b6ddd?s=96&d=mm&r=g\",\"contentUrl\":\"https:\/\/secure.gravatar.com\/avatar\/e971d118b15095b6e95b0892d6b6e6b50a2a17564bdc43f9e60001a6c57b6ddd?s=96&d=mm&r=g\",\"caption\":\"Javier Bola\u00f1os\"},\"url\":\"https:\/\/gna.news\/es\/story-item\/author\/jbolanosgna-news\/\"}]}<\/script>\n<!-- \/ Yoast SEO plugin. -->","yoast_head_json":{"title":"Pol\u00edticos paname\u00f1os ungidos en jornada de reflexi\u00f3n - Global News Alliance","description":"Ivanna, una ni\u00f1a hondure\u00f1a de 12 a\u00f1os, nos cuenta c\u00f3mo conoci\u00f3 el amor de Cristo al recibir una caja de zapatos del programa Operaci\u00f3n Ni\u00f1o de Navidad.","robots":{"index":"index","follow":"follow","max-snippet":"max-snippet:-1","max-image-preview":"max-image-preview:large","max-video-preview":"max-video-preview:-1"},"canonical":"https:\/\/gna.news\/es\/story-item\/politicos-panamenos-ungidos-en-jornada-de-reflexion\/","og_locale":"es_ES","og_type":"article","og_title":"Pol\u00edticos paname\u00f1os ungidos en jornada de reflexi\u00f3n - Global News Alliance","og_description":"Ivanna, una ni\u00f1a hondure\u00f1a de 12 a\u00f1os, nos cuenta c\u00f3mo conoci\u00f3 el amor de Cristo al recibir una caja de zapatos del programa Operaci\u00f3n Ni\u00f1o de Navidad.","og_url":"https:\/\/gna.news\/es\/story-item\/politicos-panamenos-ungidos-en-jornada-de-reflexion\/","og_site_name":"Global News Alliance","article_published_time":"2024-01-24T04:53:23+00:00","article_modified_time":"2024-06-12T18:22:47+00:00","og_image":[{"width":1920,"height":1080,"url":"https:\/\/gna.news\/wp-content\/uploads\/2024\/01\/Panama01.jpg","type":"image\/jpeg"}],"author":"Javier Bola\u00f1os","twitter_card":"summary_large_image","twitter_misc":{"Escrito por":"Javier Bola\u00f1os","Tiempo de lectura":"2 minutos"},"schema":{"@context":"https:\/\/schema.org","@graph":[{"@type":"WebPage","@id":"https:\/\/gna.news\/story-item\/politicos-panamenos-ungidos-en-jornada-de-reflexion\/","url":"https:\/\/gna.news\/story-item\/politicos-panamenos-ungidos-en-jornada-de-reflexion\/","name":"Pol\u00edticos paname\u00f1os ungidos en jornada de reflexi\u00f3n - Global News Alliance","isPartOf":{"@id":"https:\/\/gna.news\/#website"},"primaryImageOfPage":{"@id":"https:\/\/gna.news\/story-item\/politicos-panamenos-ungidos-en-jornada-de-reflexion\/#primaryimage"},"image":{"@id":"https:\/\/gna.news\/story-item\/politicos-panamenos-ungidos-en-jornada-de-reflexion\/#primaryimage"},"thumbnailUrl":"https:\/\/gna.news\/wp-content\/uploads\/2024\/01\/Panama01.jpg","datePublished":"2024-01-24T04:53:23+00:00","dateModified":"2024-06-12T18:22:47+00:00","author":{"@id":"https:\/\/gna.news\/#\/schema\/person\/bb9024214500d5f7e9a398dc82b0282a"},"description":"Ivanna, una ni\u00f1a hondure\u00f1a de 12 a\u00f1os, nos cuenta c\u00f3mo conoci\u00f3 el amor de Cristo al recibir una caja de zapatos del programa Operaci\u00f3n Ni\u00f1o de Navidad.","breadcrumb":{"@id":"https:\/\/gna.news\/story-item\/politicos-panamenos-ungidos-en-jornada-de-reflexion\/#breadcrumb"},"inLanguage":"es","potentialAction":[{"@type":"ReadAction","target":["https:\/\/gna.news\/story-item\/politicos-panamenos-ungidos-en-jornada-de-reflexion\/"]}]},{"@type":"ImageObject","inLanguage":"es","@id":"https:\/\/gna.news\/story-item\/politicos-panamenos-ungidos-en-jornada-de-reflexion\/#primaryimage","url":"https:\/\/gna.news\/wp-content\/uploads\/2024\/01\/Panama01.jpg","contentUrl":"https:\/\/gna.news\/wp-content\/uploads\/2024\/01\/Panama01.jpg","width":1920,"height":1080},{"@type":"BreadcrumbList","@id":"https:\/\/gna.news\/story-item\/politicos-panamenos-ungidos-en-jornada-de-reflexion\/#breadcrumb","itemListElement":[{"@type":"ListItem","position":1,"name":"Home","item":"https:\/\/gna.news\/"},{"@type":"ListItem","position":2,"name":"Pol\u00edticos paname\u00f1os ungidos en jornada de reflexi\u00f3n"}]},{"@type":"WebSite","@id":"https:\/\/gna.news\/#website","url":"https:\/\/gna.news\/","name":"Global News Alliance","description":"The Global News Alliance","potentialAction":[{"@type":"SearchAction","target":{"@type":"EntryPoint","urlTemplate":"https:\/\/gna.news\/?s={search_term_string}"},"query-input":"required name=search_term_string"}],"inLanguage":"es"},{"@type":"Person","@id":"https:\/\/gna.news\/#\/schema\/person\/bb9024214500d5f7e9a398dc82b0282a","name":"Javier Bola\u00f1os","image":{"@type":"ImageObject","inLanguage":"es","@id":"https:\/\/gna.news\/#\/schema\/person\/image\/","url":"https:\/\/secure.gravatar.com\/avatar\/e971d118b15095b6e95b0892d6b6e6b50a2a17564bdc43f9e60001a6c57b6ddd?s=96&d=mm&r=g","contentUrl":"https:\/\/secure.gravatar.com\/avatar\/e971d118b15095b6e95b0892d6b6e6b50a2a17564bdc43f9e60001a6c57b6ddd?s=96&d=mm&r=g","caption":"Javier Bola\u00f1os"},"url":"https:\/\/gna.news\/es\/story-item\/author\/jbolanosgna-news\/"}]}},"rttpg_featured_image_url":{"full":["https:\/\/gna.news\/wp-content\/uploads\/2024\/01\/Panama01.jpg",1920,1080,false],"landscape":["https:\/\/gna.news\/wp-content\/uploads\/2024\/01\/Panama01.jpg",1920,1080,false],"portraits":["https:\/\/gna.news\/wp-content\/uploads\/2024\/01\/Panama01.jpg",1920,1080,false],"thumbnail":["https:\/\/gna.news\/wp-content\/uploads\/2024\/01\/Panama01-150x150.jpg",150,150,true],"medium":["https:\/\/gna.news\/wp-content\/uploads\/2024\/01\/Panama01-300x169.jpg",300,169,true],"large":["https:\/\/gna.news\/wp-content\/uploads\/2024\/01\/Panama01-1024x576.jpg",640,360,true],"1536x1536":["https:\/\/gna.news\/wp-content\/uploads\/2024\/01\/Panama01-1536x864.jpg",1536,864,true],"2048x2048":["https:\/\/gna.news\/wp-content\/uploads\/2024\/01\/Panama01.jpg",1920,1080,false],"trp-custom-language-flag":["https:\/\/gna.news\/wp-content\/uploads\/2024\/01\/Panama01.jpg",18,10,false],"pix-blog-small":["https:\/\/gna.news\/wp-content\/uploads\/2024\/01\/Panama01-622x400.jpg",622,400,true],"pix-portfolio-small":["https:\/\/gna.news\/wp-content\/uploads\/2024\/01\/Panama01-600x450.jpg",600,450,true],"pix-big":["https:\/\/gna.news\/wp-content\/uploads\/2024\/01\/Panama01-600x450.jpg",600,450,true],"pix-square-sm":["https:\/\/gna.news\/wp-content\/uploads\/2024\/01\/Panama01-400x400.jpg",400,400,true],"pix-woocommerce-xs":["https:\/\/gna.news\/wp-content\/uploads\/2024\/01\/Panama01-75x75.jpg",75,75,true],"pix-woocommerce-md":["https:\/\/gna.news\/wp-content\/uploads\/2024\/01\/Panama01-460x460.jpg",460,460,true],"pix-xxl":["https:\/\/gna.news\/wp-content\/uploads\/2024\/01\/Panama01.jpg",1920,1080,false],"rt_custom":["https:\/\/gna.news\/wp-content\/uploads\/2024\/01\/Panama01.jpg",1920,1080,false]},"rttpg_author":{"display_name":"Javier Bola\u00f1os","author_link":"https:\/\/gna.news\/es\/story-item\/author\/jbolanosgna-news\/"},"rttpg_comment":0,"rttpg_category":"<a href=\"https:\/\/gna.news\/es\/story-item\/category\/latin-america\/\" rel=\"category tag\">Latin America<\/a>","rttpg_excerpt":null,"_links":{"self":[{"href":"https:\/\/gna.news\/es\/wp-json\/wp\/v2\/posts\/4618","targetHints":{"allow":["GET"]}}],"collection":[{"href":"https:\/\/gna.news\/es\/wp-json\/wp\/v2\/posts"}],"about":[{"href":"https:\/\/gna.news\/es\/wp-json\/wp\/v2\/types\/post"}],"author":[{"embeddable":true,"href":"https:\/\/gna.news\/es\/wp-json\/wp\/v2\/users\/5"}],"replies":[{"embeddable":true,"href":"https:\/\/gna.news\/es\/wp-json\/wp\/v2\/comments?post=4618"}],"version-history":[{"count":0,"href":"https:\/\/gna.news\/es\/wp-json\/wp\/v2\/posts\/4618\/revisions"}],"wp:featuredmedia":[{"embeddable":true,"href":"https:\/\/gna.news\/es\/wp-json\/wp\/v2\/media\/4620"}],"wp:attachment":[{"href":"https:\/\/gna.news\/es\/wp-json\/wp\/v2\/media?parent=4618"}],"wp:term":[{"taxonomy":"category","embeddable":true,"href":"https:\/\/gna.news\/es\/wp-json\/wp\/v2\/categories?post=4618"},{"taxonomy":"post_tag","embeddable":true,"href":"https:\/\/gna.news\/es\/wp-json\/wp\/v2\/tags?post=4618"}],"curies":[{"name":"wp","href":"https:\/\/api.w.org\/{rel}","templated":true}]}}